{"id":625,"date":"2024-01-04T21:28:31","date_gmt":"2024-01-04T20:28:31","guid":{"rendered":"https:\/\/lucienlemoine.com\/?p=625"},"modified":"2024-01-04T21:28:31","modified_gmt":"2024-01-04T20:28:31","slug":"lucien-le-moine-at-vinexpo-bordeaux-2009","status":"publish","type":"post","link":"https:\/\/lucienlemoine.com\/en\/news\/2024\/lucien-le-moine-at-vinexpo-bordeaux-2009\/","title":{"rendered":"LUCIEN LE MOINE AT VINEXPO BORDEAUX 2009"},"content":{"rendered":"<p>Bonjour,<br><br>Venez nous voir \u00e0 Vinexpo Bordeaux, nous y sommes au HALL 1 Stand E 222, du Dimanche 21 Juin jusqu&rsquo;a Jeudi 25.<br><br>Nous vous conseillons de prendre un rendez vous pour discuter ou pour d\u00e9guster.<br><br>En dehors des Crus pr\u00e9senter tous les jours , nous vous invitons \u00e0 deux Evenements CRU LUCIEN LE MOINE 2007:<br><\/p>\n\n\n\n<p>Hi,<br><br>Come visit us in Vinexpo Bordeaux from Sunday 21<sup>st<\/sup> till Thursday 25<sup>th<\/sup> of June, we&rsquo;ll be in Hall 1 Stand E 222.<br><br>We suggest that you fix a meeting to discuss or taste with us.<br><br>In addition to the Crus we&rsquo;ll be opening every day we invite you to two Special LUCIEN LE MOINE CRU Events:<br><\/p>\n\n\n\n<p>1- Lundi 22 Juin \u00e0 11 Heure: D\u00e9gustation de nos 2007 , NEUF Grand et Premier Cru de Vosne Roman\u00e9e<br><br>Puis nos Cinq Grands Cru Blanc.<br><br>LISTE 1 EN 2007: VOSNE ROMANEE 1ER CRU BEAUX MONTS + SUCHOTS + PETITS MONTS + MALCONSORTS + GAUDICHOTS + GRANDS CRU ECHEZEAUX + GRANDS ECHEZEAUX + ROMANEE SAINT VIVANT ET RICHEBOURG. PUIS CORTON BLANC + CORTON CHARLEMAGNE + BATARD MONTRACHET ET LES DEUX MONTRACHET.<br><br>2- Mercredi 24 Juin \u00e0 11 Heure: D\u00e9gustation de 16 CRUS 2007 en Comparaison ET BONNES MARES.<br><br>LISTE 2 EN 2007: PULIGNY MONTRACHET ENSEIGNERES ET FOLATIERES + CHASSAGNE MONTRACHET ROMANEE ET CAILLERETS + MEURSAULT GENEVRIERES ET PERRIERES. POMMARD EPENOTS ET GRANDS EPENOTS + NUITS ST GEORGES CAILLES ET VAUCRAINS + CHAMBOLLE MUSIGNY HAUT DOIX ET AMOUREUSES + CLOS SAINT DENIS ET CLOS DE LA ROCHE + MAZIS CHAMBERTIN ET CHAMBERTIN CLOS DE BEZE PLUS LE BONNES MARES EN SOLO.<br><\/p>\n\n\n\n<p><a href=\"https:\/\/lucienlemoine.com\/en\/contact\/\">Pour fixer un Rendez vous ou s&rsquo;inscrire pour la ou les deux D\u00e9gustations veuillez nous contacter<\/a>.<br><br>N.B: Nous ne travaillons pas dans les pays suivants, si vous etes interess\u00e9s veuillez nous contacter.<\/p>\n\n\n\n<p><a href=\"https:\/\/lucienlemoine.com\/en\/contact\/\">To fix a meeting or for inscription for one or the two tastings please contact us<\/a>.<br><br>N.B: We don&rsquo;t work in the following countries , if you are interested please contact us.<\/p>\n\n\n\n<p>CANADA<\/p>\n\n\n\n<p>RUSSIE<\/p>\n\n\n\n<p>CHINE<\/p>\n\n\n\n<p>FINLAND<\/p>\n\n\n\n<p>POLOGNE<\/p>\n\n\n\n<p>PORTUGAL<\/p>\n\n\n\n<p>IRELAND<\/p>\n\n\n\n<p>CHYPRE<\/p>\n\n\n\n<p>MALAISIE<\/p>\n\n\n\n<p>NEW ZEALAND<\/p>\n\n\n\n<p>AFRIQUE DU SUD<\/p>\n\n\n\n<p>ET TOUS LES PAYS DE L&rsquo;AMERIQUE LATINE (ALL COUNTRIES OF SOUTH AMEICA)<\/p>","protected":false},"excerpt":{"rendered":"<p>Bonjour, Venez nous voir \u00e0 Vinexpo Bordeaux, nous y sommes au HALL 1 Stand E 222, du Dimanche 21 Juin jusqu&rsquo;a Jeudi 25. Nous vous conseillons de prendre un rendez vous pour discuter ou pour d\u00e9guster. En dehors des Crus pr\u00e9senter tous les jours , nous vous invitons \u00e0 deux Evenements CRU LUCIEN LE MOINE [&hellip;]<\/p>","protected":false},"author":1,"featured_media":626,"comment_status":"closed","ping_status":"closed","sticky":false,"template":"","format":"standard","meta":{"_editorskit_title_hidden":false,"_editorskit_reading_time":0,"_editorskit_is_block_options_detached":false,"_editorskit_block_options_position":"{}","_jetpack_memberships_contains_paid_content":false,"footnotes":""},"categories":[1],"tags":[],"yoast_head":"<!-- This site is optimized with the Yoast SEO plugin v23.7 - https:\/\/yoast.com\/wordpress\/plugins\/seo\/ -->\n<title>LUCIEN LE MOINE AT VINEXPO BORDEAUX 2009 - Lucien Le Moine<\/title>\n<meta name=\"robots\" content=\"index, follow, max-snippet:-1, max-image-preview:large, max-video-preview:-1\" \/>\n<link rel=\"canonical\" href=\"https:\/\/lucienlemoine.com\/en\/news\/2024\/lucien-le-moine-at-vinexpo-bordeaux-2009\/\" \/>\n<meta property=\"og:locale\" content=\"en_US\" \/>\n<meta property=\"og:type\" content=\"article\" \/>\n<meta property=\"og:title\" content=\"LUCIEN LE MOINE AT VINEXPO BORDEAUX 2009 - Lucien Le Moine\" \/>\n<meta property=\"og:description\" content=\"Bonjour, Venez nous voir \u00e0 Vinexpo Bordeaux, nous y sommes au HALL 1 Stand E 222, du Dimanche 21 Juin jusqu&rsquo;a Jeudi 25. Nous vous conseillons de prendre un rendez vous pour discuter ou pour d\u00e9guster. En dehors des Crus pr\u00e9senter tous les jours , nous vous invitons \u00e0 deux Evenements CRU LUCIEN LE MOINE [&hellip;]\" \/>\n<meta property=\"og:url\" content=\"https:\/\/lucienlemoine.com\/en\/news\/2024\/lucien-le-moine-at-vinexpo-bordeaux-2009\/\" \/>\n<meta property=\"og:site_name\" content=\"Lucien Le Moine\" \/>\n<meta property=\"article:published_time\" content=\"2024-01-04T20:28:31+00:00\" \/>\n<meta property=\"og:image\" content=\"https:\/\/lucienlemoine.com\/wp-content\/uploads\/2024\/01\/vinexpo_transparent.png\" \/>\n\t<meta property=\"og:image:width\" content=\"252\" \/>\n\t<meta property=\"og:image:height\" content=\"84\" \/>\n\t<meta property=\"og:image:type\" content=\"image\/png\" \/>\n<meta name=\"author\" content=\"admin\" \/>\n<meta name=\"twitter:card\" content=\"summary_large_image\" \/>\n<meta name=\"twitter:label1\" content=\"Written by\" \/>\n\t<meta name=\"twitter:data1\" content=\"admin\" \/>\n\t<meta name=\"twitter:label2\" content=\"Est. reading time\" \/>\n\t<meta name=\"twitter:data2\" content=\"2 minutes\" \/>\n<script type=\"application\/ld+json\" class=\"yoast-schema-graph\">{\"@context\":\"https:\/\/schema.org\",\"@graph\":[{\"@type\":\"Article\",\"@id\":\"https:\/\/lucienlemoine.com\/en\/news\/2024\/lucien-le-moine-at-vinexpo-bordeaux-2009\/#article\",\"isPartOf\":{\"@id\":\"https:\/\/lucienlemoine.com\/en\/news\/2024\/lucien-le-moine-at-vinexpo-bordeaux-2009\/\"},\"author\":{\"name\":\"admin\",\"@id\":\"https:\/\/lucienlemoine.com\/#\/schema\/person\/7d899c71839f605e570b404d98d7c0d4\"},\"headline\":\"LUCIEN LE MOINE AT VINEXPO BORDEAUX 2009\",\"datePublished\":\"2024-01-04T20:28:31+00:00\",\"dateModified\":\"2024-01-04T20:28:31+00:00\",\"mainEntityOfPage\":{\"@id\":\"https:\/\/lucienlemoine.com\/en\/news\/2024\/lucien-le-moine-at-vinexpo-bordeaux-2009\/\"},\"wordCount\":334,\"publisher\":{\"@id\":\"https:\/\/lucienlemoine.com\/#organization\"},\"image\":{\"@id\":\"https:\/\/lucienlemoine.com\/en\/news\/2024\/lucien-le-moine-at-vinexpo-bordeaux-2009\/#primaryimage\"},\"thumbnailUrl\":\"https:\/\/lucienlemoine.com\/wp-content\/uploads\/2024\/01\/vinexpo_transparent.png\",\"articleSection\":[\"News\"],\"inLanguage\":\"en-US\"},{\"@type\":\"WebPage\",\"@id\":\"https:\/\/lucienlemoine.com\/en\/news\/2024\/lucien-le-moine-at-vinexpo-bordeaux-2009\/\",\"url\":\"https:\/\/lucienlemoine.com\/en\/news\/2024\/lucien-le-moine-at-vinexpo-bordeaux-2009\/\",\"name\":\"LUCIEN LE MOINE AT VINEXPO BORDEAUX 2009 - Lucien Le Moine\",\"isPartOf\":{\"@id\":\"https:\/\/lucienlemoine.com\/#website\"},\"primaryImageOfPage\":{\"@id\":\"https:\/\/lucienlemoine.com\/en\/news\/2024\/lucien-le-moine-at-vinexpo-bordeaux-2009\/#primaryimage\"},\"image\":{\"@id\":\"https:\/\/lucienlemoine.com\/en\/news\/2024\/lucien-le-moine-at-vinexpo-bordeaux-2009\/#primaryimage\"},\"thumbnailUrl\":\"https:\/\/lucienlemoine.com\/wp-content\/uploads\/2024\/01\/vinexpo_transparent.png\",\"datePublished\":\"2024-01-04T20:28:31+00:00\",\"dateModified\":\"2024-01-04T20:28:31+00:00\",\"breadcrumb\":{\"@id\":\"https:\/\/lucienlemoine.com\/en\/news\/2024\/lucien-le-moine-at-vinexpo-bordeaux-2009\/#breadcrumb\"},\"inLanguage\":\"en-US\",\"potentialAction\":[{\"@type\":\"ReadAction\",\"target\":[\"https:\/\/lucienlemoine.com\/en\/news\/2024\/lucien-le-moine-at-vinexpo-bordeaux-2009\/\"]}]},{\"@type\":\"ImageObject\",\"inLanguage\":\"en-US\",\"@id\":\"https:\/\/lucienlemoine.com\/en\/news\/2024\/lucien-le-moine-at-vinexpo-bordeaux-2009\/#primaryimage\",\"url\":\"https:\/\/lucienlemoine.com\/wp-content\/uploads\/2024\/01\/vinexpo_transparent.png\",\"contentUrl\":\"https:\/\/lucienlemoine.com\/wp-content\/uploads\/2024\/01\/vinexpo_transparent.png\",\"width\":252,\"height\":84},{\"@type\":\"BreadcrumbList\",\"@id\":\"https:\/\/lucienlemoine.com\/en\/news\/2024\/lucien-le-moine-at-vinexpo-bordeaux-2009\/#breadcrumb\",\"itemListElement\":[{\"@type\":\"ListItem\",\"position\":1,\"name\":\"Home\",\"item\":\"https:\/\/lucienlemoine.com\/en\/\"},{\"@type\":\"ListItem\",\"position\":2,\"name\":\"LUCIEN LE MOINE AT VINEXPO BORDEAUX 2009\"}]},{\"@type\":\"WebSite\",\"@id\":\"https:\/\/lucienlemoine.com\/#website\",\"url\":\"https:\/\/lucienlemoine.com\/\",\"name\":\"Lucien Le Moine\",\"description\":\"\u00ab Terroirs De Bourgogne \u00bb\",\"publisher\":{\"@id\":\"https:\/\/lucienlemoine.com\/#organization\"},\"potentialAction\":[{\"@type\":\"SearchAction\",\"target\":{\"@type\":\"EntryPoint\",\"urlTemplate\":\"https:\/\/lucienlemoine.com\/?s={search_term_string}\"},\"query-input\":{\"@type\":\"PropertyValueSpecification\",\"valueRequired\":true,\"valueName\":\"search_term_string\"}}],\"inLanguage\":\"en-US\"},{\"@type\":\"Organization\",\"@id\":\"https:\/\/lucienlemoine.com\/#organization\",\"name\":\"Lucien Le Moine\",\"url\":\"https:\/\/lucienlemoine.com\/\",\"logo\":{\"@type\":\"ImageObject\",\"inLanguage\":\"en-US\",\"@id\":\"https:\/\/lucienlemoine.com\/#\/schema\/logo\/image\/\",\"url\":\"https:\/\/lucienlemoine.com\/wp-content\/uploads\/2024\/01\/up-logo-lm-vide.png\",\"contentUrl\":\"https:\/\/lucienlemoine.com\/wp-content\/uploads\/2024\/01\/up-logo-lm-vide.png\",\"width\":444,\"height\":333,\"caption\":\"Lucien Le Moine\"},\"image\":{\"@id\":\"https:\/\/lucienlemoine.com\/#\/schema\/logo\/image\/\"}},{\"@type\":\"Person\",\"@id\":\"https:\/\/lucienlemoine.com\/#\/schema\/person\/7d899c71839f605e570b404d98d7c0d4\",\"name\":\"admin\",\"image\":{\"@type\":\"ImageObject\",\"inLanguage\":\"en-US\",\"@id\":\"https:\/\/lucienlemoine.com\/#\/schema\/person\/image\/\",\"url\":\"https:\/\/secure.gravatar.com\/avatar\/28122be65ed5f763e0ef3603e38c1f0d?s=96&d=retro&r=g\",\"contentUrl\":\"https:\/\/secure.gravatar.com\/avatar\/28122be65ed5f763e0ef3603e38c1f0d?s=96&d=retro&r=g\",\"caption\":\"admin\"},\"sameAs\":[\"https:\/\/lucienlemoine.com\"],\"url\":\"https:\/\/lucienlemoine.com\/en\/author\/admin\/\"}]}<\/script>\n<!-- \/ Yoast SEO plugin. -->","yoast_head_json":{"title":"LUCIEN LE MOINE AT VINEXPO BORDEAUX 2009 - Lucien Le Moine","robots":{"index":"index","follow":"follow","max-snippet":"max-snippet:-1","max-image-preview":"max-image-preview:large","max-video-preview":"max-video-preview:-1"},"canonical":"https:\/\/lucienlemoine.com\/en\/news\/2024\/lucien-le-moine-at-vinexpo-bordeaux-2009\/","og_locale":"en_US","og_type":"article","og_title":"LUCIEN LE MOINE AT VINEXPO BORDEAUX 2009 - Lucien Le Moine","og_description":"Bonjour, Venez nous voir \u00e0 Vinexpo Bordeaux, nous y sommes au HALL 1 Stand E 222, du Dimanche 21 Juin jusqu&rsquo;a Jeudi 25. Nous vous conseillons de prendre un rendez vous pour discuter ou pour d\u00e9guster. En dehors des Crus pr\u00e9senter tous les jours , nous vous invitons \u00e0 deux Evenements CRU LUCIEN LE MOINE [&hellip;]","og_url":"https:\/\/lucienlemoine.com\/en\/news\/2024\/lucien-le-moine-at-vinexpo-bordeaux-2009\/","og_site_name":"Lucien Le Moine","article_published_time":"2024-01-04T20:28:31+00:00","og_image":[{"width":252,"height":84,"url":"https:\/\/lucienlemoine.com\/wp-content\/uploads\/2024\/01\/vinexpo_transparent.png","type":"image\/png"}],"author":"admin","twitter_card":"summary_large_image","twitter_misc":{"Written by":"admin","Est. reading time":"2 minutes"},"schema":{"@context":"https:\/\/schema.org","@graph":[{"@type":"Article","@id":"https:\/\/lucienlemoine.com\/en\/news\/2024\/lucien-le-moine-at-vinexpo-bordeaux-2009\/#article","isPartOf":{"@id":"https:\/\/lucienlemoine.com\/en\/news\/2024\/lucien-le-moine-at-vinexpo-bordeaux-2009\/"},"author":{"name":"admin","@id":"https:\/\/lucienlemoine.com\/#\/schema\/person\/7d899c71839f605e570b404d98d7c0d4"},"headline":"LUCIEN LE MOINE AT VINEXPO BORDEAUX 2009","datePublished":"2024-01-04T20:28:31+00:00","dateModified":"2024-01-04T20:28:31+00:00","mainEntityOfPage":{"@id":"https:\/\/lucienlemoine.com\/en\/news\/2024\/lucien-le-moine-at-vinexpo-bordeaux-2009\/"},"wordCount":334,"publisher":{"@id":"https:\/\/lucienlemoine.com\/#organization"},"image":{"@id":"https:\/\/lucienlemoine.com\/en\/news\/2024\/lucien-le-moine-at-vinexpo-bordeaux-2009\/#primaryimage"},"thumbnailUrl":"https:\/\/lucienlemoine.com\/wp-content\/uploads\/2024\/01\/vinexpo_transparent.png","articleSection":["News"],"inLanguage":"en-US"},{"@type":"WebPage","@id":"https:\/\/lucienlemoine.com\/en\/news\/2024\/lucien-le-moine-at-vinexpo-bordeaux-2009\/","url":"https:\/\/lucienlemoine.com\/en\/news\/2024\/lucien-le-moine-at-vinexpo-bordeaux-2009\/","name":"LUCIEN LE MOINE AT VINEXPO BORDEAUX 2009 - Lucien Le Moine","isPartOf":{"@id":"https:\/\/lucienlemoine.com\/#website"},"primaryImageOfPage":{"@id":"https:\/\/lucienlemoine.com\/en\/news\/2024\/lucien-le-moine-at-vinexpo-bordeaux-2009\/#primaryimage"},"image":{"@id":"https:\/\/lucienlemoine.com\/en\/news\/2024\/lucien-le-moine-at-vinexpo-bordeaux-2009\/#primaryimage"},"thumbnailUrl":"https:\/\/lucienlemoine.com\/wp-content\/uploads\/2024\/01\/vinexpo_transparent.png","datePublished":"2024-01-04T20:28:31+00:00","dateModified":"2024-01-04T20:28:31+00:00","breadcrumb":{"@id":"https:\/\/lucienlemoine.com\/en\/news\/2024\/lucien-le-moine-at-vinexpo-bordeaux-2009\/#breadcrumb"},"inLanguage":"en-US","potentialAction":[{"@type":"ReadAction","target":["https:\/\/lucienlemoine.com\/en\/news\/2024\/lucien-le-moine-at-vinexpo-bordeaux-2009\/"]}]},{"@type":"ImageObject","inLanguage":"en-US","@id":"https:\/\/lucienlemoine.com\/en\/news\/2024\/lucien-le-moine-at-vinexpo-bordeaux-2009\/#primaryimage","url":"https:\/\/lucienlemoine.com\/wp-content\/uploads\/2024\/01\/vinexpo_transparent.png","contentUrl":"https:\/\/lucienlemoine.com\/wp-content\/uploads\/2024\/01\/vinexpo_transparent.png","width":252,"height":84},{"@type":"BreadcrumbList","@id":"https:\/\/lucienlemoine.com\/en\/news\/2024\/lucien-le-moine-at-vinexpo-bordeaux-2009\/#breadcrumb","itemListElement":[{"@type":"ListItem","position":1,"name":"Home","item":"https:\/\/lucienlemoine.com\/en\/"},{"@type":"ListItem","position":2,"name":"LUCIEN LE MOINE AT VINEXPO BORDEAUX 2009"}]},{"@type":"WebSite","@id":"https:\/\/lucienlemoine.com\/#website","url":"https:\/\/lucienlemoine.com\/","name":"Lucien Le Moine","description":"\u00ab Terroirs De Bourgogne \u00bb","publisher":{"@id":"https:\/\/lucienlemoine.com\/#organization"},"potentialAction":[{"@type":"SearchAction","target":{"@type":"EntryPoint","urlTemplate":"https:\/\/lucienlemoine.com\/?s={search_term_string}"},"query-input":{"@type":"PropertyValueSpecification","valueRequired":true,"valueName":"search_term_string"}}],"inLanguage":"en-US"},{"@type":"Organization","@id":"https:\/\/lucienlemoine.com\/#organization","name":"Lucien Le Moine","url":"https:\/\/lucienlemoine.com\/","logo":{"@type":"ImageObject","inLanguage":"en-US","@id":"https:\/\/lucienlemoine.com\/#\/schema\/logo\/image\/","url":"https:\/\/lucienlemoine.com\/wp-content\/uploads\/2024\/01\/up-logo-lm-vide.png","contentUrl":"https:\/\/lucienlemoine.com\/wp-content\/uploads\/2024\/01\/up-logo-lm-vide.png","width":444,"height":333,"caption":"Lucien Le Moine"},"image":{"@id":"https:\/\/lucienlemoine.com\/#\/schema\/logo\/image\/"}},{"@type":"Person","@id":"https:\/\/lucienlemoine.com\/#\/schema\/person\/7d899c71839f605e570b404d98d7c0d4","name":"admin","image":{"@type":"ImageObject","inLanguage":"en-US","@id":"https:\/\/lucienlemoine.com\/#\/schema\/person\/image\/","url":"https:\/\/secure.gravatar.com\/avatar\/28122be65ed5f763e0ef3603e38c1f0d?s=96&d=retro&r=g","contentUrl":"https:\/\/secure.gravatar.com\/avatar\/28122be65ed5f763e0ef3603e38c1f0d?s=96&d=retro&r=g","caption":"admin"},"sameAs":["https:\/\/lucienlemoine.com"],"url":"https:\/\/lucienlemoine.com\/en\/author\/admin\/"}]}},"jetpack_sharing_enabled":true,"jetpack_featured_media_url":"https:\/\/lucienlemoine.com\/wp-content\/uploads\/2024\/01\/vinexpo_transparent.png","_links":{"self":[{"href":"https:\/\/lucienlemoine.com\/en\/wp-json\/wp\/v2\/posts\/625"}],"collection":[{"href":"https:\/\/lucienlemoine.com\/en\/wp-json\/wp\/v2\/posts"}],"about":[{"href":"https:\/\/lucienlemoine.com\/en\/wp-json\/wp\/v2\/types\/post"}],"author":[{"embeddable":true,"href":"https:\/\/lucienlemoine.com\/en\/wp-json\/wp\/v2\/users\/1"}],"replies":[{"embeddable":true,"href":"https:\/\/lucienlemoine.com\/en\/wp-json\/wp\/v2\/comments?post=625"}],"version-history":[{"count":1,"href":"https:\/\/lucienlemoine.com\/en\/wp-json\/wp\/v2\/posts\/625\/revisions"}],"predecessor-version":[{"id":627,"href":"https:\/\/lucienlemoine.com\/en\/wp-json\/wp\/v2\/posts\/625\/revisions\/627"}],"wp:featuredmedia":[{"embeddable":true,"href":"https:\/\/lucienlemoine.com\/en\/wp-json\/wp\/v2\/media\/626"}],"wp:attachment":[{"href":"https:\/\/lucienlemoine.com\/en\/wp-json\/wp\/v2\/media?parent=625"}],"wp:term":[{"taxonomy":"category","embeddable":true,"href":"https:\/\/lucienlemoine.com\/en\/wp-json\/wp\/v2\/categories?post=625"},{"taxonomy":"post_tag","embeddable":true,"href":"https:\/\/lucienlemoine.com\/en\/wp-json\/wp\/v2\/tags?post=625"}],"curies":[{"name":"wp","href":"https:\/\/api.w.org\/{rel}","templated":true}]}}